{"id":3494,"date":"2026-03-10T14:04:21","date_gmt":"2026-03-10T17:04:21","guid":{"rendered":"https:\/\/bibliocentral.uncoma.edu.ar\/?p=3494"},"modified":"2026-03-10T14:04:22","modified_gmt":"2026-03-10T17:04:22","slug":"mascaro-el-cazador-americano-de-haroldo-conti-sugerencia-en-el-mes-de-marzo-a-50-anos-del-golpe-civico-militar-que-produjera-la-cobarde-y-sangrienta-dictadura-en-argentina","status":"publish","type":"post","link":"https:\/\/bibliocentral.uncoma.edu.ar\/index.php\/2026\/03\/10\/mascaro-el-cazador-americano-de-haroldo-conti-sugerencia-en-el-mes-de-marzo-a-50-anos-del-golpe-civico-militar-que-produjera-la-cobarde-y-sangrienta-dictadura-en-argentina\/","title":{"rendered":"MASCARO, EL CAZADOR AMERICANO &#8211; de HAROLDO CONTI: Sugerencia en el mes de marzo, a 50 a\u00f1os del golpe c\u00edvico-militar que produjera la cobarde y sangrienta Dictadura en Argentina."},"content":{"rendered":"\n<figure class=\"wp-block-image aligncenter size-large is-resized\"><img fetchpriority=\"high\" decoding=\"async\" width=\"673\" height=\"1000\" src=\"https:\/\/bibliocentral.uncoma.edu.ar\/wp-content\/uploads\/2026\/03\/conti-673x1000.jpeg\" alt=\"\" class=\"wp-image-3496\" style=\"aspect-ratio:0.6729983851875087;width:316px;height:auto\" srcset=\"https:\/\/bibliocentral.uncoma.edu.ar\/wp-content\/uploads\/2026\/03\/conti-673x1000.jpeg 673w, https:\/\/bibliocentral.uncoma.edu.ar\/wp-content\/uploads\/2026\/03\/conti-202x300.jpeg 202w, https:\/\/bibliocentral.uncoma.edu.ar\/wp-content\/uploads\/2026\/03\/conti-768x1140.jpeg 768w, https:\/\/bibliocentral.uncoma.edu.ar\/wp-content\/uploads\/2026\/03\/conti.jpeg 862w\" sizes=\"(max-width: 673px) 100vw, 673px\" \/><\/figure>\n\n\n\n<p><strong>Cuarto libro\/Promoci<\/strong><strong>\u00f3n de lectura: <\/strong>Sugerencia en el mes de marzo, a 50 a\u00f1os del golpe c\u00edvico-militar que produjera la cobarde y sangrienta Dictadura en Argentina<\/p>\n\n\n\n<p><a href=\"https:\/\/opac.uncoma.edu.ar\/cgi-bin\/koha\/opac-detail.pl?biblionumber=62135\"><strong>MASCARO, EL CAZADOR AMERICANO <\/strong>&#8211; de HAROLDO CONTI<\/a><\/p>\n\n\n\n<p><strong>por Hern\u00e1n Lasque<\/strong><\/p>\n\n\n\n<p>Haroldo Conti fue <strong>secuestrado en la madrugada del 5 de mayo de 1976.<\/strong> Regresaba del cine con su pareja, <strong>Mar\u00eda Scavac,<\/strong> cuando un \u201cgrupo de tareas\u201d de la \u00faltima dictadura c\u00edvico-militar los sorprendi\u00f3 en su casa de la calle Fitz Roy, los golpe\u00f3, les robaron todo lo que pudieron y finalmente, se llevaron a Haroldo y Juan Carlos Fabi\u00e1n, un amigo que estaba all\u00ed tambi\u00e9n. Conti ten\u00eda 50 a\u00f1os.<\/p>\n\n\n\n<p><em>&#8220;De nuevo me marcho. Nac\u00ed para un camino solitario. No es un castigo, es simplemente mi destino. Desde \u00e9l es como amo a la gente. Es mi forma de ser y de amar. Nac\u00ed para la libertad que hasta ahora es el dolor del mundo. T\u00fa, capit\u00e1n, har\u00e1s lo que yo no puedo: que sea su alegr\u00eda. Te llevo en mi mano. Eres la llamita que levanto alto y alumbra mi camino. Hasta siempre, mi querido capit\u00e1n. Pap\u00e1\u201d<\/em>.<br>(Carta a su hijo Marcelo)<\/p>\n\n\n\n<p>Hab\u00eda nacido en Chacabuco, provincia de Buenos Aires, el 25 de mayo de 1925. Hijo de Petronila Lombardi y Pedro Conti, un vendedor ambulante, fue un <strong>escritor multipremiado de cuentos y novelas, periodista, piloto de avi\u00f3n, seminarista, navegante, nadador de aguas abiertas, guionista de cine y docente<\/strong>.<\/p>\n\n\n\n<p><strong>Novelista del r\u00edo y los caminos<\/strong><\/p>\n\n\n\n<p>Dos aspectos en la narrativa de Haroldo Conti se destacan siempre: los relatos pueblerinos y el r\u00edo. \u201cConti cuenta que hered\u00f3 de su pap\u00e1 el placer por las historias, por los relatos y seguramente tambi\u00e9n hered\u00f3 ese apego, ese gusto por los caminos\u201d, \u201cComo han se\u00f1alado diversos autores que analizaron su obra, muchos de sus relatos y cuentos se caracterizan por ser puro clima, sin demasiados picos ni deslumbramientos. En ellos no ocurren grandes sucesos. <strong>En buena parte de su literatura lo que hay es una forma paciente de construir tramas narrativas<\/strong> que transcurren en lugares y espacios caracter\u00edsticos de la escritura contiana: los pueblos de provincia, los r\u00edos, los andenes, los caminos cuyos protagonistas son vagos, ni\u00f1os, delincuentes, ancianos, marginados\u201d.<\/p>\n\n\n\n<p>As\u00ed, los personajes contianos surfean sus cuentos y novelas con la cadencia po\u00e9tica de una de sus mayores pasiones: el r\u00edo, un af\u00e1n que descubri\u00f3 cuando comenz\u00f3 a vivir en el Delta del Tigre en la d\u00e9cada de 1960. All\u00ed empez\u00f3 escribir su primera novela <em>Sudeste<\/em> (1962) para reflejar ese mundo particular que lo rodeaba.<\/p>\n\n\n\n<p>Luego vendr\u00edan las novelas <em>Alrededor de la jaula,<\/em> de 1962, y <em>En vida<\/em>, publicada en 1971. Fue ese mismo a\u00f1o que visit\u00f3 por primera vez Cuba como jurado del Premio Casa de las Am\u00e9ricas. \u201cEse <strong>viaje a Cuba ser\u00e1 determinante e impactar\u00e1 tanto a nivel personal como en su escritura&#8221;<\/strong>, dice Vannucchi. \u201cLa experiencia de la Revoluci\u00f3n lo marcar\u00e1. Tiempo m\u00e1s tarde comenzar\u00e1 a militar pol\u00edticamente en el PRT (Partido Revolucionario de los Trabajadores) y en el FAS (Frente Antiimperialista por el Socialismo)\u201d.<\/p>\n\n\n\n<p>Es en ese proceso de toma de conciencia social y compromiso pol\u00edtico que Conti rechaza la beca Guggeheim en 1972 con una carta categ\u00f3rica y muy reconocida :<\/p>\n\n\n\n<p>\u201c\u2026<em>No soy un hombre de fortuna, como tampoco lo son la mayor\u00eda de mis compa\u00f1eros, porque en Latinoam\u00e9rica ser escritor es casi sin\u00f3nimo de pobre, pero me parece inaceptable postularme para un beneficio que proviene del sistema al que critico y combato y que, por otra parte, y eso es lo m\u00e1s grave, de alguna manera me complica con \u00e9l. No reniego que en el orden personal, habr\u00eda significado una gran oportunidad para m\u00ed, ni critico, por otra parte, a quienes careciendo inclusive de las oportunidades que yo tuve aceptaron esta beca. Yo entiendo que no puedo hacerlo y que mi gran oportunidad en este momento es Am\u00e9rica, su pueblo, su lucha, la ense\u00f1anza y el camino que nos se\u00f1alara Ernesto Guevara.&#8221;<\/em><\/p>\n\n\n\n<p><em>A partir de all\u00ed, las novelas y cuentos de Conti no ser\u00e1n expl\u00edcitamente pol\u00edticos ni militantes, pero ir\u00e1n adquiriendo un mayor compromiso social. Para Vannucchi, \u201cLa escritura de <\/em><strong>Mascar\u00f3, el cazador americano<\/strong><em>\u00a0(novela de 1975, Premio Casa de las Am\u00e9ricas) represent\u00f3 un <\/em><strong>salto est\u00e9tico-ideol\u00f3gico en la obra de Haroldo Conti en el marco de un proceso de politizaci\u00f3n, de compromiso con su tiempo&#8221;<\/strong><em>. Y agrega: \u201cComo se\u00f1alan algunos trabajos y autores, el protagonista de En vida y el de Mascar\u00f3, llevan el mismo nombre (Oreste) pero el primero atraviesa una crisis personal, individual (separaci\u00f3n) y el Oreste de Mascar\u00f3 en cambio, busca ser parte de un proyecto colectivo&#8221;.<\/em><\/p>\n\n\n\n<p><em>La censura no tard\u00f3 en hacerse eco. En el sitio del Centro Cultural se puede leer un <\/em><strong>informe de la Divisi\u00f3n de Informaciones de la polic\u00eda de la provincia de Buenos Aires<\/strong><em>que descalifica a Mascar\u00f3 y la define como &#8220;marxista&#8221;. El informe n\u00famero 83.864 de la SIDE, fechado en 1975 acusaba con certera cr\u00edtica literaria: \u201cEl presente libro, cuyo autor es Haroldo Conti, presenta un elevado nivel t\u00e9cnico y literario, donde el mencionado autor luce una imaginaci\u00f3n compleja y sumamente simb\u00f3lica. (\u2026) Como se dijo en un principio, la novela es muy simb\u00f3lica, contada adem\u00e1s en tono \u00e9pico, no definida en sus t\u00e9rminos pero con significados que dan lugar a pensar en su orientaci\u00f3n marxista (apoyada por la Editorial Casa de las Am\u00e9ricas, de la Habana, Cuba)\u201d.<\/em><\/p>\n\n\n\n<p><em><strong>Mascar<\/strong><\/em><em><strong>\u00f3<\/strong><\/em><em><strong>, el cazador americano, es <\/strong><\/em><em>la \u00faltima novela publicada por Conti, ganadora del premio Casa de las Am\u00e9ricas en 1975; un a\u00f1o despu\u00e9s ser\u00eda secuestrado por militares de la dictadura c\u00edvico-militar argentina, en mayo del 76. Su cuerpo permanece desaparecido.<\/em><\/p>\n\n\n\n<p><em>La palabra y la convicci\u00f3n de no mirar para otro lado: <\/em><strong>\u201cAun haciendo belleza podemos hacer literatura pol\u00edtica, pero lo pol\u00edtico emerger\u00e1 con naturalidad, no como una cosa impuesta\u201d,<\/strong> dec\u00eda Conti. <em>Mascar\u00f3 <\/em>es una novela de ficci\u00f3n. Los t\u00f3picos son varios e inherentes al humanismo, la pol\u00edtica y la sociedad, sin embargo hay interrogantes filos\u00f3ficos que atraviesan toda la novela como el tiempo, el ser, el alma, la soledad.<\/p>\n\n\n\n<p><strong>El arte y la fe m\u00e1s que como preguntas surgen como respuestas a la incertidumbre del mundo, como la alternativa y la salvaci\u00f3n frente al capitalismo salvaje, que bien va con estos tiempos. E<\/strong>l existencialismo aparece encarnado en personajes como en Oreste, que tambi\u00e9n estuvo en otras novelas de Conti. aunque con esp\u00edritu m\u00e1s individualista y no formando parte de un proyecto colectivo con en este caso.<\/p>\n\n\n\n<p>El viaje, la errancia, la b\u00fasqueda como sin\u00f3nimos de libertad. \u00bfQu\u00e9 es lo que verdaderamente nos oprime? \u00bfDe qu\u00e9 somos esclavos? \u00bfQu\u00e9 vida queremos? \u00bfQui\u00e9nes somos? \u00bfSomos un nombre y un estatus? \u00bfSomos felices esclavizados a una din\u00e1mica de rendimiento constante? \u00bfCu\u00e1l es el sentido de la vida? <strong>\u201cLa vida es una entera traves\u00eda&#8230; La vida es un barco m\u00e1s o menos bonito. \u00bfDe qu\u00e9 sirve sujetarlo? &#8230; lo mejor de la vida se gasta en seguridades&#8230; Por tanto, conviene pasarla en celebraciones, livianito. Todo es una celebraci\u00f3n\u201d<\/strong><\/p>\n\n\n\n<p><em>Mascar\u00f3 <\/em>est\u00e1 escrita en 1975 pero es de una actualidad sorprendente porque aunque tengamos cada vez m\u00e1s est\u00edmulos, el ser y el amor siguen siendo las preguntas que mueven el mundo.<\/p>\n\n\n\n<p>*P\u00e1gina de referencia: APU. Agencia Paco Urondo<\/p>\n\n\n\n<p>Promoci\u00f3n de la lectura. Secci\u00f3n <a href=\"https:\/\/opac.uncoma.edu.ar\/cgi-bin\/koha\/opac-search.pl?limit=mc-loc%3A%22%22%22CL%22%22%22&amp;sort_by=acqdate_dsc&amp;addto=Agregar+a...\">\u201cCuarto Libro\u201d<\/a><\/p>\n\n\n\n<p><\/p>\n","protected":false},"excerpt":{"rendered":"<p>Cuarto libro\/Promoci\u00f3n de lectura: Sugerencia en el mes de marzo, a 50 a\u00f1os del golpe&#8230;<\/p>\n","protected":false},"author":2,"featured_media":0,"comment_status":"open","ping_status":"open","sticky":false,"template":"","format":"standard","meta":{"footnotes":""},"categories":[1,183,228],"tags":[],"class_list":["post-3494","post","type-post","status-publish","format-standard","hentry","category-blog","category-cuarto-libro","category-resena"],"_links":{"self":[{"href":"https:\/\/bibliocentral.uncoma.edu.ar\/index.php\/wp-json\/wp\/v2\/posts\/3494","targetHints":{"allow":["GET"]}}],"collection":[{"href":"https:\/\/bibliocentral.uncoma.edu.ar\/index.php\/wp-json\/wp\/v2\/posts"}],"about":[{"href":"https:\/\/bibliocentral.uncoma.edu.ar\/index.php\/wp-json\/wp\/v2\/types\/post"}],"author":[{"embeddable":true,"href":"https:\/\/bibliocentral.uncoma.edu.ar\/index.php\/wp-json\/wp\/v2\/users\/2"}],"replies":[{"embeddable":true,"href":"https:\/\/bibliocentral.uncoma.edu.ar\/index.php\/wp-json\/wp\/v2\/comments?post=3494"}],"version-history":[{"count":3,"href":"https:\/\/bibliocentral.uncoma.edu.ar\/index.php\/wp-json\/wp\/v2\/posts\/3494\/revisions"}],"predecessor-version":[{"id":3498,"href":"https:\/\/bibliocentral.uncoma.edu.ar\/index.php\/wp-json\/wp\/v2\/posts\/3494\/revisions\/3498"}],"wp:attachment":[{"href":"https:\/\/bibliocentral.uncoma.edu.ar\/index.php\/wp-json\/wp\/v2\/media?parent=3494"}],"wp:term":[{"taxonomy":"category","embeddable":true,"href":"https:\/\/bibliocentral.uncoma.edu.ar\/index.php\/wp-json\/wp\/v2\/categories?post=3494"},{"taxonomy":"post_tag","embeddable":true,"href":"https:\/\/bibliocentral.uncoma.edu.ar\/index.php\/wp-json\/wp\/v2\/tags?post=3494"}],"curies":[{"name":"wp","href":"https:\/\/api.w.org\/{rel}","templated":true}]}}